{"id":1733,"date":"2022-06-17T14:59:40","date_gmt":"2022-06-17T18:59:40","guid":{"rendered":"https:\/\/ufecanada.org\/wp\/?p=1733"},"modified":"2022-06-17T14:59:41","modified_gmt":"2022-06-17T18:59:41","slug":"lettre-dinformation-juin-2022-seconde-edition","status":"publish","type":"post","link":"https:\/\/ufecanada.org\/wp\/2022\/06\/lettre-dinformation-juin-2022-seconde-edition\/","title":{"rendered":"Lettre d\u2019information \u2013 Juin 2022 (seconde \u00e9dition)"},"content":{"rendered":"\n<h2 class=\"wp-block-heading\">Visite de l&rsquo;Ambassade de France vendredi 1er juillet &#8211; Inscriptions ouvertes d\u00e8s aujourd&rsquo;hui<\/h2>\n\n\n\n<p>Le 1er juillet, lors de la F\u00eate du Canada, l&rsquo;Ambassade de France ouvrira exceptionnellement ses portes pour une journ\u00e9e de d\u00e9couverte de ce magnifique b\u00e2timent. M\u00eame si l&rsquo;\u00e9difice peut vous para\u00eetre aust\u00e8re de l&rsquo;ext\u00e9rieur, l&rsquo;int\u00e9rieur est une superbe vitrine de la France et des talents artistiques qu&rsquo;elle peut r\u00e9unir en un m\u00eame lieu.<\/p>\n\n\n\n<p><strong>Les inscriptions sont obligatoires et\u00a0se font en ligne \u00e0 partir d&rsquo;aujourd&rsquo;hui.<\/strong><\/p>\n\n\n\n<p><strong>Inscription gratuite en ligne \u00e0 l\u2019adresse\u00a0<a rel=\"noreferrer noopener\" href=\"https:\/\/ufecanada.us10.list-manage.com\/track\/click?u=2d86b7a2baa0686070dfc5a62&amp;id=6e5a3de05a&amp;e=b5a0a144dd\" target=\"_blank\">https:\/\/my.weezevent.com\/portes-ouvertes-2022-2<\/a><\/strong><\/p>\n\n\n\n<p>La visite dure environ 15 minutes et des audioguides seront \u00e0 disposition. Vous devez choisir un des 4 cr\u00e9beaux horaires disponibles lors de l&rsquo;inscription.<\/p>\n\n\n\n<h2 class=\"wp-block-heading\">\u00c9lections l\u00e9gislatives \u2013 r\u00e9sultats du premier tour<\/h2>\n\n\n\n<p>Vous pouvez retrouver sur ce <strong><a href=\"https:\/\/www.diplomatie.gouv.fr\/fr\/services-aux-francais\/voter-a-l-etranger\/resultats-des-elections\/article\/elections-legislatives-resultats-du-1er-tour-pour-les-francais-de-l-etranger\" target=\"_blank\" rel=\"noreferrer noopener\">lien<\/a><\/strong> les r\u00e9sultats du premier tour des \u00e9lections l\u00e9gislatives pour tous les candidats qui se sont pr\u00e9sent\u00e9s dans la premi\u00e8re circonscription.<\/p>\n\n\n\n<p>Le second tour aura lieu entre :<\/p>\n\n\n\n<ul class=\"wp-block-list\"><li>Roland Lescure (candidat sortant) &#8211; Renaissance -ex-LREM<\/li><li>Florence Roger &#8211; France Insoumise-NUPES<\/li><\/ul>\n\n\n\n<p>Ces deux candidats (avec respectivement 18236 et 16993 voix) ont comptabilis\u00e9 \u00e0 eux seuls plus de 68 % des votes exprim\u00e9s.<\/p>\n\n\n\n<p>Le taux de participation global a \u00e9t\u00e9 d&rsquo;un peu plus de 21 %.<\/p>\n\n\n\n<p>Le vote en ligne n&rsquo;est plus disponible.<\/p>\n\n\n\n<p><strong>Le vote \u00e0 l&rsquo;urne aura lieu le samedi 18 juin au Lyc\u00e9e Claudel de 8 h \u00e0 18 h<\/strong>.<\/p>\n\n\n\n<p>Les autorit\u00e9s consulaires recherchent des b\u00e9n\u00e9voles soit comme assesseurs ou scrutateurs ou pour orienter le public. Utilisez les liens suivants pour les bureaux de vote de l&rsquo;<a href=\"https:\/\/toronto.consulfrance.org\/elections-2022-appel-a-volontaires\" target=\"_blank\" rel=\"noreferrer noopener\">Ontario<\/a> et du <a href=\"https:\/\/montreal.consulfrance.org\/Appel-a-volontaires-Soyez-benevole-pour-les-elections-legislatives-3535\" target=\"_blank\" rel=\"noreferrer noopener\">Qu\u00e9bec<\/a> situ\u00e9s au Lyc\u00e9e Claudel.<\/p>\n\n\n\n<h2 class=\"wp-block-heading\">Voyages et d\u00e9placements<\/h2>\n\n\n\n<p>Dans le cadre de vos d\u00e9placements futurs en France ou en Europe n&rsquo;h\u00e9sitez pas \u00e0 consulter r\u00e9guli\u00e8rement les sites officiels qui d\u00e9crivent les conditions d&rsquo;entr\u00e9e en France et de retour au Canada.<\/p>\n\n\n\n<ul class=\"wp-block-list\"><li>Pour la <a href=\"https:\/\/www.diplomatie.gouv.fr\/fr\/le-ministere-et-son-reseau\/actualites-du-ministere\/informations-coronavirus-covid-19\/faq-covid-19-les-reponses-a-vos-questions\/\" target=\"_blank\" rel=\"noreferrer noopener\">France<\/a><\/li><li>Pour le <a href=\"https:\/\/voyage.gc.ca\/voyage-covid\" target=\"_blank\" rel=\"noreferrer noopener\">Canada<\/a><\/li><\/ul>\n\n\n\n<p>Par ailleurs, bien que le passe vaccinal ait \u00e9t\u00e9 suspendu en France, il est toujours possible, pour ceux qui le souhaitent et pensent en avoir besoin lors de leur s\u00e9jour, de faire la demande d&rsquo;un passe sanitaire au format europ\u00e9en. Ce dernier reste obligatoire pour acc\u00e9der en France \u00e0 des \u00e9tablissements de sant\u00e9, \u00e0 des maisons de retraite ou \u00e0 des \u00e9tablissements pour personnes handicap\u00e9es, voire \u00e0 des lieux diff\u00e9rents dans d&rsquo;autres pays europ\u00e9ens. Vous pouvez en effectuer la demande sur ce <a href=\"https:\/\/www.demarches-simplifiees.fr\/commencer\/passe-sanitaire-francais-de-l-etranger\" target=\"_blank\" rel=\"noreferrer noopener\">site<\/a>. Le passe est disponible pour les Fran\u00e7ais, leur conjoints et leurs ayants droit. Le document est gratuit.<\/p>\n\n\n\n<p>Pour tous les autres lieux ou mode de transports il n&rsquo;est plus demand\u00e9.<\/p>\n\n\n\n<p>Pour les voyageurs pleinement vaccin\u00e9s, lors du retour au Canada, le document <a href=\"https:\/\/arrivecan.cbsa-asfc.cloud-nuage.canada.ca\/fr\/welcome\" target=\"_blank\" rel=\"noreferrer noopener\">ArriveCan<\/a> \u00e0 remplir en ligne dans les 3 jours pr\u00e9c\u00e9dant votre arriv\u00e9e est toujours <strong>obligatoire pour l&rsquo;entr\u00e9e au Canada<\/strong>.<\/p>\n\n\n\n<p><strong><mark style=\"background-color:rgba(0, 0, 0, 0);color:#e73d3d\" class=\"has-inline-color\">Nouveau<\/mark><\/strong><\/p>\n\n\n\n<p><strong>A partir de lundi prochain, le 20 juin, si vous n&rsquo;\u00eates pas vaccin\u00e9<\/strong>, et que vous \u00eates citoyen canadien ou r\u00e9sident permanent, vous pourrez \u00e0 nouveau embarquer \u00e0 bord d&rsquo;un train ou d&rsquo;un avion au d\u00e9part du Canada. Des conditions d&rsquo;entr\u00e9e s&rsquo;appliquent pour le retour au Canada. A ce jour sont requis un test avant le d\u00e9part qu&rsquo;un autre test \u00e0 l&rsquo;arriv\u00e9e, et un au bout de 8 jours, le tout assorti d&rsquo;une quarantaine, sans oublier de remplir le formulaire ArriveCan (voir plus haut). D\u00e9tails sur les <a href=\"https:\/\/ici.radio-canada.ca\/nouvelle\/1890943\/avions-train-pandemie-coronavirus-immunisation\" target=\"_blank\" rel=\"noreferrer noopener\">nouvelles mesures<\/a>.<\/p>\n\n\n\n<p>Que vous soyez vaccin\u00e9s ou pas, il est important de v\u00e9rifier les conditions d&rsquo;entr\u00e9e dans les pays \u00e0 l&rsquo;approche de votre voyage car celles-ci peuvent changer.<\/p>\n\n\n\n<h2 class=\"wp-block-heading\">Webinaire sur les retraites &#8211; merci pour votre participation<\/h2>\n\n\n\n<p>Vous \u00e9tiez environ 150 participants lors de ce webinaire de qualit\u00e9 organis\u00e9 par le Cabinet Novelvy. Merci pour votre pr\u00e9sence et toutes vos questions auxquelles notre conf\u00e9rencier, Philippe Plantadi, a r\u00e9pondu en d\u00e9tail. Les questions impliquant des situations plus personnelles doivent lui \u00eatre adress\u00e9es directement.<\/p>\n\n\n\n<p>A ce jour, si vous \u00e9tiez inscrits, vous avez d\u00fb recevoir un lien vous permettant de r\u00e9pondre \u00e0 Novelvy pour recevoir l&rsquo;enregistrement du webinaire et revoir tous les d\u00e9tails expos\u00e9s.Si ce n&rsquo;est pas le cas vous pouvez nous joindre \u00e0 l&rsquo;adresse de l&rsquo;association et nous ferons suivre votre demande.<\/p>\n\n\n\n<h2 class=\"wp-block-heading\">Les activit\u00e9s dans la r\u00e9gion<\/h2>\n\n\n\n<p>Retrouvez <a href=\"https:\/\/ottawatourism.ca\/fr\/les-coulisses-d-ottawa\/quoi-de-neuf-dans-la-region-d-ottawa\" target=\"_blank\" rel=\"noreferrer noopener\">ICI<\/a> les mises \u00e0 jour hebdomadaires des activit\u00e9s dans la r\u00e9gion d&rsquo;Ottawa-Gatineau.<\/p>\n\n\n\n<p><strong>Imagine Monet, exposition immersive<\/strong><\/p>\n\n\n\n<p>L&rsquo;exposition immersive vient d&rsquo;ouvrir ses portes \u00e0 Ottawa au Centre EY \u00e0 c\u00f4t\u00e9 de l&rsquo;a\u00e9roport. Plongez dans l&rsquo;univers des \u00ab nymph\u00e9as \u00bb, des \u00ab cath\u00e9drales \u00bb.<\/p>\n\n\n\n<p><a href=\"https:\/\/www.imagine-monet.com\/ottawa-billets\/\" target=\"_blank\" rel=\"noreferrer noopener\">R\u00e9servations en ligne<\/a><\/p>\n\n\n\n<p><strong>Mus\u00e9e des Beaux-Arts du Canada<\/strong><\/p>\n\n\n\n<p><em>Le Canada et l\u2019impressionnisme. Nouveaux horizons<\/em><\/p>\n\n\n\n<p>Si vous ne pr\u00e9voyez pas de voyager en France cet \u00e9t\u00e9, cette exposition vous emm\u00e8nera sur les rives normandes ou bretonnes, et m\u00eame au jardin du Luxembourg \u00e0 Paris. Fermeture de l&rsquo;exposition le 3 juillet.<\/p>\n\n\n\n<p><a href=\"https:\/\/tickets.gallery.ca\/webstore\/shop\/viewItems.aspx?cg=1&amp;c=53&amp;language=2&amp;_gl=1*1iul8cq*_ga*MTAzNjk2MzkzNC4xNjUyMDI2MDA2*_ga_83BW334MD2*MTY1NTQ5MjMxNy42LjAuMTY1NTQ5MjMxNy4w\" target=\"_blank\" rel=\"noreferrer noopener\">R\u00e9servation<\/a>\u00a0<\/p>\n","protected":false},"excerpt":{"rendered":"<p>Au programme de cette lettre d\u2019information, visite de l&rsquo;Ambassade de France vendredi 1er juillet, les \u00e9lections l\u00e9gislatives et r\u00e9sultats du premier tour, le Webinaire sur les retraites, les voyages et d\u00e9placements, et des renseignements sur les activit\u00e9s dans la r\u00e9gion.<br \/>\nBonne lecture!<\/p>\n","protected":false},"author":4,"featured_media":785,"comment_status":"closed","ping_status":"closed","sticky":false,"template":"","format":"standard","meta":{"site-sidebar-layout":"default","site-content-layout":"","ast-site-content-layout":"default","site-content-style":"default","site-sidebar-style":"default","ast-global-header-display":"","ast-banner-title-visibility":"","ast-main-header-display":"","ast-hfb-above-header-display":"","ast-hfb-below-header-display":"","ast-hfb-mobile-header-display":"","site-post-title":"","ast-breadcrumbs-content":"","ast-featured-img":"","footer-sml-layout":"","ast-disable-related-posts":"","theme-transparent-header-meta":"","adv-header-id-meta":"","stick-header-meta":"","header-above-stick-meta":"","header-main-stick-meta":"","header-below-stick-meta":"","astra-migrate-meta-layouts":"default","ast-page-background-enabled":"default","ast-page-background-meta":{"desktop":{"background-color":"","background-image":"","background-repeat":"repeat","background-position":"center center","background-size":"auto","background-attachment":"scroll","background-type":"","background-media":"","overlay-type":"","overlay-color":"","overlay-opacity":"","overlay-gradient":""},"tablet":{"background-color":"","background-image":"","background-repeat":"repeat","background-position":"center center","background-size":"auto","background-attachment":"scroll","background-type":"","background-media":"","overlay-type":"","overlay-color":"","overlay-opacity":"","overlay-gradient":""},"mobile":{"background-color":"","background-image":"","background-repeat":"repeat","background-position":"center center","background-size":"auto","background-attachment":"scroll","background-type":"","background-media":"","overlay-type":"","overlay-color":"","overlay-opacity":"","overlay-gradient":""}},"ast-content-background-meta":{"desktop":{"background-color":"var(--ast-global-color-5)","background-image":"","background-repeat":"repeat","background-position":"center center","background-size":"auto","background-attachment":"scroll","background-type":"","background-media":"","overlay-type":"","overlay-color":"","overlay-opacity":"","overlay-gradient":""},"tablet":{"background-color":"var(--ast-global-color-5)","background-image":"","background-repeat":"repeat","background-position":"center center","background-size":"auto","background-attachment":"scroll","background-type":"","background-media":"","overlay-type":"","overlay-color":"","overlay-opacity":"","overlay-gradient":""},"mobile":{"background-color":"var(--ast-global-color-5)","background-image":"","background-repeat":"repeat","background-position":"center center","background-size":"auto","background-attachment":"scroll","background-type":"","background-media":"","overlay-type":"","overlay-color":"","overlay-opacity":"","overlay-gradient":""}},"footnotes":""},"categories":[9],"tags":[],"class_list":["post-1733","post","type-post","status-publish","format-standard","has-post-thumbnail","hentry","category-lettres-dinformations"],"aioseo_notices":[],"_links":{"self":[{"href":"https:\/\/ufecanada.org\/wp\/wp-json\/wp\/v2\/posts\/1733","targetHints":{"allow":["GET"]}}],"collection":[{"href":"https:\/\/ufecanada.org\/wp\/wp-json\/wp\/v2\/posts"}],"about":[{"href":"https:\/\/ufecanada.org\/wp\/wp-json\/wp\/v2\/types\/post"}],"author":[{"embeddable":true,"href":"https:\/\/ufecanada.org\/wp\/wp-json\/wp\/v2\/users\/4"}],"replies":[{"embeddable":true,"href":"https:\/\/ufecanada.org\/wp\/wp-json\/wp\/v2\/comments?post=1733"}],"version-history":[{"count":15,"href":"https:\/\/ufecanada.org\/wp\/wp-json\/wp\/v2\/posts\/1733\/revisions"}],"predecessor-version":[{"id":1748,"href":"https:\/\/ufecanada.org\/wp\/wp-json\/wp\/v2\/posts\/1733\/revisions\/1748"}],"wp:featuredmedia":[{"embeddable":true,"href":"https:\/\/ufecanada.org\/wp\/wp-json\/wp\/v2\/media\/785"}],"wp:attachment":[{"href":"https:\/\/ufecanada.org\/wp\/wp-json\/wp\/v2\/media?parent=1733"}],"wp:term":[{"taxonomy":"category","embeddable":true,"href":"https:\/\/ufecanada.org\/wp\/wp-json\/wp\/v2\/categories?post=1733"},{"taxonomy":"post_tag","embeddable":true,"href":"https:\/\/ufecanada.org\/wp\/wp-json\/wp\/v2\/tags?post=1733"}],"curies":[{"name":"wp","href":"https:\/\/api.w.org\/{rel}","templated":true}]}}