{"id":3020,"date":"2024-03-25T15:51:00","date_gmt":"2024-03-25T19:51:00","guid":{"rendered":"https:\/\/ufecanada.org\/wp\/?p=3020"},"modified":"2024-04-14T21:44:38","modified_gmt":"2024-04-15T01:44:38","slug":"lettre-dinformation-mars-2024","status":"publish","type":"post","link":"https:\/\/ufecanada.org\/wp\/2024\/03\/lettre-dinformation-mars-2024\/","title":{"rendered":"Lettre d&rsquo;information \u2013 mars 2024"},"content":{"rendered":"\n<p><\/p>\n\n\n\n<h2 class=\"wp-block-heading\">Zoom-recette : les \u0153ufs \u00e0 la neige<\/h2>\n\n\n\n<figure class=\"wp-block-image size-full is-resized\"><img loading=\"lazy\" decoding=\"async\" width=\"682\" height=\"372\" src=\"https:\/\/ufecanada.org\/wp\/wp-content\/uploads\/2024\/04\/oeufs-a-la-neige.jpg\" alt=\"\" class=\"wp-image-3032\" style=\"width:215px;height:auto\" srcset=\"https:\/\/ufecanada.org\/wp\/wp-content\/uploads\/2024\/04\/oeufs-a-la-neige.jpg 682w, https:\/\/ufecanada.org\/wp\/wp-content\/uploads\/2024\/04\/oeufs-a-la-neige-300x164.jpg 300w\" sizes=\"auto, (max-width: 682px) 100vw, 682px\" \/><\/figure>\n\n\n\n<p>Pour le temps de P\u00e2ques, la recette s\u00e9lectionn\u00e9e utilise principalement des \u0153ufs puisque nous r\u00e9aliserons des&nbsp;<strong>\u0153ufs \u00e0 la neige !<\/strong><\/p>\n\n\n\n<p>Rendez-vous le 30 mars \u00e0 partir de 18 h.<\/p>\n\n\n\n<p>C&rsquo;est un plat simple, savoureux, appr\u00e9ci\u00e9 de tous, petits et grands,\u00a0qui reprend des recettes que nous avons d\u00e9j\u00e0 r\u00e9alis\u00e9es s\u00e9par\u00e9ment par le pass\u00e9 et qui pourront servir de dessert lors de votre repas de P\u00e2ques.<br>Comme la plupart des recettes r\u00e9alis\u00e9es \u00e0 ce jour, celle-ci aussi a une histoire, de grands noms de la cuisine fran\u00e7aise se sont pench\u00e9es sur les \u00e9tapes de sa\u00a0r\u00e9alisation, je vous en conterai les d\u00e9tails.<\/p>\n\n\n\n<h3 class=\"wp-block-heading\">Ingr\u00e9dients et ustensiles (pour 6)<\/h3>\n\n\n\n<ul class=\"wp-block-list\">\n<li>6 \u0153ufs avec les blancs s\u00e9par\u00e9s des jaunes<\/li>\n\n\n\n<li>1,5 l de lait, de pr\u00e9f\u00e9rence entier<\/li>\n\n\n\n<li>170 g de sucre&nbsp;<\/li>\n\n\n\n<li>5 g de farine (une petite cuill\u00e8re)<\/li>\n\n\n\n<li>de la vanille<\/li>\n\n\n\n<li>des amandes effil\u00e9es (facultatif)<\/li>\n\n\n\n<li>une pinc\u00e9e de sel fin<\/li>\n\n\n\n<li>Pour le caramel, 100 g de sucre<\/li>\n\n\n\n<li>un peu d&rsquo;eau (une cuill\u00e8re \u00e0 soupe)<\/li>\n\n\n\n<li>un peu de jus de citron (1\/4 de citron)<\/li>\n\n\n\n<li>un fouet \u00e9lectrique<\/li>\n\n\n\n<li>une cuill\u00e8re en bois<\/li>\n\n\n\n<li>deux casseroles dont une grande pour manipuler les blancs<\/li>\n\n\n\n<li>une cuill\u00e8re \u00e0 soupe ou une petite louche pour mouler les blancs<\/li>\n\n\n\n<li>une \u00e9cumoire<\/li>\n\n\n\n<li>2 saladiers<\/li>\n\n\n\n<li>plat de service ou des coupes individuelles<\/li>\n<\/ul>\n\n\n\n<p>Rejoindre le Zoom Recette<br><a href=\"https:\/\/www.google.com\/url?q=https:\/\/us02web.zoom.us\/j\/84544550178?pwd%3DazVIZ2Y1VzA0ZUdaWHJoYk1xVEZHQT09&amp;sa=D&amp;source=calendar&amp;usd=2&amp;usg=AOvVaw3YBL4WDiyknC40ea10SY-_\" target=\"_blank\" rel=\"noreferrer noopener\">https:\/\/us02web.zoom.us\/j\/84544550178?pwd=azVIZ2Y1VzA0ZUdaWHJoYk1xVEZHQT09<\/a><br>ID de r\u00e9union: 845 4455 0178<br>Code secret: 113515 <\/p>\n\n\n\n<h2 class=\"wp-block-heading\">Assembl\u00e9e g\u00e9n\u00e9rale annuelle<\/h2>\n\n\n\n<figure class=\"wp-block-image size-full is-resized\"><img loading=\"lazy\" decoding=\"async\" width=\"680\" height=\"340\" src=\"https:\/\/ufecanada.org\/wp\/wp-content\/uploads\/2024\/04\/AGA.png\" alt=\"\" class=\"wp-image-3035\" style=\"width:170px;height:auto\" srcset=\"https:\/\/ufecanada.org\/wp\/wp-content\/uploads\/2024\/04\/AGA.png 680w, https:\/\/ufecanada.org\/wp\/wp-content\/uploads\/2024\/04\/AGA-300x150.png 300w\" sizes=\"auto, (max-width: 680px) 100vw, 680px\" \/><\/figure>\n\n\n\n<p>Nous avons le plaisir de vous convier \u00e0 ce moment important de notre vie associative : l&rsquo;Assembl\u00e9e\u00a0g\u00e9n\u00e9rale\u00a0annuelle. Elle se tiendra le <strong>Vendredi 19 avril 2024\u00a0\u00e0 18 h<\/strong> au <a href=\"https:\/\/www.google.com\/maps\/place\/Centre+Communautaire+Le+Baron\/@45.4842825,-75.7107271,17z\/data=!3m1!4b1!4m6!3m5!1s0x4cce1b612080b297:0x2522d840dbe6288!8m2!3d45.4842825!4d-75.7107271!16s%2Fg%2F1hdz4dy34?entry=ttu\" target=\"_blank\" rel=\"noreferrer noopener\">Centre communautaire Le Baron<\/a><br>104, rue du Barry, Gatineau<br>Parking gratuit.<br>Covoiturage possible, il suffit de nous pr\u00e9venir \u00e0 temps.<\/p>\n\n\n\n<p><\/p>\n\n\n\n<p>L&rsquo;AG est exclusivement r\u00e9serv\u00e9e aux membres \u00e0 jour de cotisation. Vous pourrez renouveler votre adh\u00e9sion ou adh\u00e9rer le soir-m\u00eame.<\/p>\n\n\n\n<p><strong>Candidature pour entrer au Conseil d&rsquo;administration<\/strong>\u00a0: si vous pensez avoir la fibre associative et souhaitez consacrer un peu de temps aux valeurs de notre association parmi lesquelles l&rsquo;accueil, l&rsquo;entraide, la convivialit\u00e9, le rayonnement et\u00a0vous joindre \u00e0 une belle \u00e9quipe dans une bonne ambiance, vous pouvez proposer votre candidature pour devenir membre du\u00a0Conseil d&rsquo;administration.\u00a0Vous vous trouverez au plus pr\u00e8s des d\u00e9cisions qui animent notre association et participerez \u00e0 nos r\u00e9unions qui font de cet engagement b\u00e9n\u00e9vole des moments chaleureux de partage et d&rsquo;amiti\u00e9.<br>Nous faire savoir si vous \u00eates candidat\u00a0au plus tard le 8\u00a0avril.<\/p>\n\n\n\n<p>Si vous avez des questions, \u00e9crivez-nous\u00a0\u00a0\u00e0 l&rsquo;adresse\u00a0<a href=\"mailto:contact@ufecanada.org\" target=\"_blank\" rel=\"noreferrer noopener\">contact@ufecanada.org<\/a><\/p>\n\n\n\n<p><strong>L&rsquo;AG sera suivie d&rsquo;un ap\u00e9ritif et d&rsquo;un buffet offerts.<\/strong><strong>N&rsquo;oubliez pas de confirmer votre pr\u00e9sence sur l&rsquo;adresse&nbsp;<a href=\"mailto:contact@ufecanada.org\" target=\"_blank\" rel=\"noreferrer noopener\">contact@ufecanada.org<\/a>, afin que nous puissions pr\u00e9parer la salle et le buffet en cons\u00e9quence.<\/strong><\/p>\n\n\n\n<p><strong>Si vous d\u00e9sirez\u00a0aider \u00e0 la pr\u00e9paration de la salle, vous pouvez venir \u00e0 partir de 17h.<\/strong><\/p>\n\n\n\n<p><strong><em>Un grand merci \u00e0 tous nos membres pour leur soutien \u00e0 l&rsquo;association<\/em><\/strong><\/p>\n\n\n\n<h2 class=\"wp-block-heading\">Gala de Homards<\/h2>\n\n\n\n<figure class=\"wp-block-image size-full is-resized\"><img decoding=\"async\" src=\"https:\/\/ufecanada.org\/wp\/wp-content\/uploads\/2024\/04\/homard.jpg\" alt=\"\" class=\"wp-image-3033\" style=\"width:120px;height:auto\"\/><\/figure>\n\n\n\n<p>Le Club Richelieu-Vanier organise la\u00a046e soir\u00e9e annuelle de d\u00e9gustation de homards \u00e0 volont\u00e9 le vendredi 31 mai \u00e0 18 h.<\/p>\n\n\n\n<p>Sur ce\u00a0<a href=\"https:\/\/mcusercontent.com\/2d86b7a2baa0686070dfc5a62\/files\/16fb788a-a082-cc7c-7b83-6900f416f667\/Homards.Vanier.Affiche2024.JLM.docx.pdf\" target=\"_blank\" rel=\"noreferrer noopener\">lien<\/a>\u00a0l&rsquo;affiche de l&rsquo;\u00e9v\u00e9nement vous donne tous les renseignements utiles.\u00a0<\/p>\n\n\n\n<p>Pour info et r\u00e9servation contacter\u00a0<a href=\"mailto:jeanluc.malherbe@sympatico.ca\" target=\"_blank\" rel=\"noreferrer noopener\">jeanluc.malherbe@sympatico.ca<\/a><\/p>\n\n\n\n<h2 class=\"wp-block-heading\">\u00c9lections europ\u00e9ennes 2024, scrutin le samedi 8 juin au Canada<\/h2>\n\n\n\n<figure class=\"wp-block-image size-full is-resized\"><img loading=\"lazy\" decoding=\"async\" width=\"385\" height=\"131\" src=\"https:\/\/ufecanada.org\/wp\/wp-content\/uploads\/2024\/04\/marriane.jpg\" alt=\"\" class=\"wp-image-3034\" style=\"width:135px;height:auto\" srcset=\"https:\/\/ufecanada.org\/wp\/wp-content\/uploads\/2024\/04\/marriane.jpg 385w, https:\/\/ufecanada.org\/wp\/wp-content\/uploads\/2024\/04\/marriane-300x102.jpg 300w\" sizes=\"auto, (max-width: 385px) 100vw, 385px\" \/><\/figure>\n\n\n\n<p>Afin de pouvoir participer aux \u00e9lections europ\u00e9ennes, il est obligatoire d&rsquo;\u00eatre inscrit sur la liste \u00e9lectorale consulaire.<\/p>\n\n\n\n<p>Vous pouvez v\u00e9rifier votre inscription sur le site&nbsp;<a href=\"https:\/\/www.service-public.fr\/particuliers\/vosdroits\/F33307\" target=\"_blank\" rel=\"noreferrer noopener\">service-public.fr.<\/a><\/p>\n\n\n\n<p>Vous trouverez \u00e9galement sur ce site votre num\u00e9ro national d\u2019\u00e9lecteur (NNE) dont vous aurez besoin si vous voulez \u00e9tablir ou recevoir une procuration de vote.<\/p>\n\n\n\n<p>Pour tout&nbsp;renseignement compl\u00e9mentaire, vous pouvez consulter&nbsp;le site de votre&nbsp;consulat&nbsp;respectif&nbsp;<\/p>\n\n\n\n<ul class=\"wp-block-list\">\n<li><a href=\"https:\/\/montreal.consulfrance.org\/Elections-europeennes-2024-3747\" target=\"_blank\" rel=\"noreferrer noopener\">Consulat g\u00e9n\u00e9ral de France \u00e0&nbsp;Montr\u00e9al<\/a><\/li>\n\n\n\n<li><a href=\"https:\/\/toronto.consulfrance.org\/elections-europeennes-2024\" target=\"_blank\" rel=\"noreferrer noopener\">Consulat g\u00e9n\u00e9ral de France \u00e0 Toronto<\/a><\/li>\n<\/ul>\n\n\n\n<p>La date limite d&rsquo;inscription sur la liste est le&nbsp;3 mai 2024.<\/p>\n\n\n\n<h2 class=\"wp-block-heading\">Adh\u00e9sion \u00e0 l&rsquo;UFE Ottawa-Gatineau<\/h2>\n\n\n\n<p>Le Conseil&nbsp;d&rsquo;administration de l&rsquo;UFE Ottawa-Gatineau aimerait remercier&nbsp;tous ceux qui se sont&nbsp;d\u00e9j\u00e0 inscrits comme membres de l&rsquo;association en 2024. Votre soutien et votre fid\u00e9lit\u00e9 sont un encouragement \u00e0 poursuivre notre action&nbsp;b\u00e9n\u00e9vole.&nbsp;<\/p>\n\n\n\n<p>Vous \u00eates nos ambassadeurs;&nbsp;notre rayonnement&nbsp;et notre visibilit\u00e9 d\u00e9pendent de vous. De nombreuses activit\u00e9s, ouvertes \u00e0 tous, vous sont propos\u00e9es tout au long de l&rsquo;ann\u00e9e avec des tarifs pr\u00e9f\u00e9rentiels pour nos membres. Ce sont des occasions de rencontrer des membres de la communaut\u00e9 fran\u00e7aise, ainsi que nos amis canadiens et de toutes nationalit\u00e9s&nbsp;pour c\u00e9l\u00e9brer ensemble&nbsp;la convivialit\u00e9, la culture, l&rsquo;histoire, la gastronomie etc.<\/p>\n\n\n\n<p>Si vous d\u00e9sirez soutenir l&rsquo;association, rejoignez-nous et devenez membre.&nbsp;<\/p>\n\n\n\n<p>Votre adh\u00e9sion vous permet de participer \u00e0 l&rsquo;Assembl\u00e9e g\u00e9n\u00e9rale annuelle du 19 avril.<br><a href=\"https:\/\/ufecanada.org\/wp\/adhesions\/\" target=\"_blank\" rel=\"noreferrer noopener\">Bulletin\u00a0d&rsquo;adh\u00e9sion<\/a>.<\/p>\n\n\n\n<h2 class=\"wp-block-heading\">Agenda<\/h2>\n\n\n\n<ul class=\"wp-block-list\">\n<li>Samedi 30 mars 2024 \u00e0 18 h. Zoom-recette.&nbsp;Annonce ci-dessus.&nbsp;<em>Organis\u00e9 par l&rsquo;UFE<\/em><\/li>\n\n\n\n<li>Samedi 6 avril 2024 \u00e0 18 h. Souper Cabane \u00e0 sucre, danse et chansonnier.&nbsp;Annonce ci-dessus.&nbsp;<em>Organis\u00e9 par l&rsquo;UFE<\/em><\/li>\n\n\n\n<li>Vendredi 19 avril 2024 \u00e0 18 h. Assembl\u00e9e G\u00e9n\u00e9rale annuelle (r\u00e9serv\u00e9e aux membres). Annonce ci-dessus.&nbsp;<em>Organis\u00e9 par l&rsquo;UFE<\/em><\/li>\n\n\n\n<li>Vendredi 3 mai 2024. Date limite d&rsquo;inscription sur la liste \u00e9lectorale consulaire.<\/li>\n\n\n\n<li>Vendredi 31 mai. Gala de Homards. Annonce ci-dessus<\/li>\n\n\n\n<li>Samedi 1er juin. Soir\u00e9e jeux de soci\u00e9t\u00e9 \u00e0 partir de 17 h. Annonce \u00e0 venir.&nbsp;<em>Organis\u00e9 par l&rsquo;UFE<\/em>&nbsp;<\/li>\n\n\n\n<li>Samedi 8 juin&nbsp;2024.&nbsp;\u00c9lections europ\u00e9ennes. Sites des Consulats. Annonce ci-dessus<\/li>\n\n\n\n<li>Dimanche 9 juin. C\u00e9r\u00e9monie du 80e anniversaire du D\u00e9barquement. Monument Amicitia. Annonce \u00e0 venir<\/li>\n\n\n\n<li>Dimanche 14 juillet. F\u00eate nationale \u00e0 l&rsquo;Ambassade de France.&nbsp;Annonce \u00e0 venir<\/li>\n\n\n\n<li>Samedi 17 ao\u00fbt. Piscine et p\u00e9tanque chez Jean-Luc Malherbe.&nbsp;Annonce \u00e0 venir.&nbsp;<em>Organis\u00e9 par l&rsquo;UFE<\/em>&nbsp;<\/li>\n<\/ul>\n\n\n\n<p>En tout temps pour obtenir la liste des activit\u00e9s, concerts, visites \u00e0 Ottawa, cliquez sur&nbsp;<a href=\"https:\/\/ufecanada.us10.list-manage.com\/track\/click?u=2d86b7a2baa0686070dfc5a62&amp;id=2c6d8cf251&amp;e=86f8666bac\" target=\"_blank\" rel=\"noreferrer noopener\">https:\/\/ottawatourism.ca\/fr<\/a>.<\/p>\n\n\n\n<p><\/p>\n","protected":false},"excerpt":{"rendered":"<p>Dans cette lettre vous trouverez le zoom-recette, l&rsquo;AGA, le repas de homards, les \u00e9lections europ\u00e9ennes et l&rsquo;agenda.<\/p>\n","protected":false},"author":3,"featured_media":785,"comment_status":"closed","ping_status":"closed","sticky":false,"template":"","format":"standard","meta":{"site-sidebar-layout":"default","site-content-layout":"","ast-site-content-layout":"normal-width-container","site-content-style":"default","site-sidebar-style":"default","ast-global-header-display":"","ast-banner-title-visibility":"","ast-main-header-display":"","ast-hfb-above-header-display":"","ast-hfb-below-header-display":"","ast-hfb-mobile-header-display":"","site-post-title":"","ast-breadcrumbs-content":"","ast-featured-img":"","footer-sml-layout":"","ast-disable-related-posts":"","theme-transparent-header-meta":"","adv-header-id-meta":"","stick-header-meta":"","header-above-stick-meta":"","header-main-stick-meta":"","header-below-stick-meta":"","astra-migrate-meta-layouts":"set","ast-page-background-enabled":"default","ast-page-background-meta":{"desktop":{"background-color":"","background-image":"","background-repeat":"repeat","background-position":"center center","background-size":"auto","background-attachment":"scroll","background-type":"","background-media":"","overlay-type":"","overlay-color":"","overlay-opacity":"","overlay-gradient":""},"tablet":{"background-color":"","background-image":"","background-repeat":"repeat","background-position":"center center","background-size":"auto","background-attachment":"scroll","background-type":"","background-media":"","overlay-type":"","overlay-color":"","overlay-opacity":"","overlay-gradient":""},"mobile":{"background-color":"","background-image":"","background-repeat":"repeat","background-position":"center center","background-size":"auto","background-attachment":"scroll","background-type":"","background-media":"","overlay-type":"","overlay-color":"","overlay-opacity":"","overlay-gradient":""}},"ast-content-background-meta":{"desktop":{"background-color":"var(--ast-global-color-5)","background-image":"","background-repeat":"repeat","background-position":"center center","background-size":"auto","background-attachment":"scroll","background-type":"","background-media":"","overlay-type":"","overlay-color":"","overlay-opacity":"","overlay-gradient":""},"tablet":{"background-color":"var(--ast-global-color-5)","background-image":"","background-repeat":"repeat","background-position":"center center","background-size":"auto","background-attachment":"scroll","background-type":"","background-media":"","overlay-type":"","overlay-color":"","overlay-opacity":"","overlay-gradient":""},"mobile":{"background-color":"var(--ast-global-color-5)","background-image":"","background-repeat":"repeat","background-position":"center center","background-size":"auto","background-attachment":"scroll","background-type":"","background-media":"","overlay-type":"","overlay-color":"","overlay-opacity":"","overlay-gradient":""}},"footnotes":""},"categories":[9],"tags":[],"class_list":["post-3020","post","type-post","status-publish","format-standard","has-post-thumbnail","hentry","category-lettres-dinformations"],"aioseo_notices":[],"_links":{"self":[{"href":"https:\/\/ufecanada.org\/wp\/wp-json\/wp\/v2\/posts\/3020","targetHints":{"allow":["GET"]}}],"collection":[{"href":"https:\/\/ufecanada.org\/wp\/wp-json\/wp\/v2\/posts"}],"about":[{"href":"https:\/\/ufecanada.org\/wp\/wp-json\/wp\/v2\/types\/post"}],"author":[{"embeddable":true,"href":"https:\/\/ufecanada.org\/wp\/wp-json\/wp\/v2\/users\/3"}],"replies":[{"embeddable":true,"href":"https:\/\/ufecanada.org\/wp\/wp-json\/wp\/v2\/comments?post=3020"}],"version-history":[{"count":4,"href":"https:\/\/ufecanada.org\/wp\/wp-json\/wp\/v2\/posts\/3020\/revisions"}],"predecessor-version":[{"id":3042,"href":"https:\/\/ufecanada.org\/wp\/wp-json\/wp\/v2\/posts\/3020\/revisions\/3042"}],"wp:featuredmedia":[{"embeddable":true,"href":"https:\/\/ufecanada.org\/wp\/wp-json\/wp\/v2\/media\/785"}],"wp:attachment":[{"href":"https:\/\/ufecanada.org\/wp\/wp-json\/wp\/v2\/media?parent=3020"}],"wp:term":[{"taxonomy":"category","embeddable":true,"href":"https:\/\/ufecanada.org\/wp\/wp-json\/wp\/v2\/categories?post=3020"},{"taxonomy":"post_tag","embeddable":true,"href":"https:\/\/ufecanada.org\/wp\/wp-json\/wp\/v2\/tags?post=3020"}],"curies":[{"name":"wp","href":"https:\/\/api.w.org\/{rel}","templated":true}]}}