{"id":3196,"date":"2024-05-25T16:43:00","date_gmt":"2024-05-25T20:43:00","guid":{"rendered":"https:\/\/ufecanada.org\/wp\/?p=3196"},"modified":"2024-10-03T10:42:54","modified_gmt":"2024-10-03T14:42:54","slug":"lettre-dinformation-mai-2024-seconde-edition","status":"publish","type":"post","link":"https:\/\/ufecanada.org\/wp\/2024\/05\/lettre-dinformation-mai-2024-seconde-edition\/","title":{"rendered":"Lettre d&rsquo;information Mai 2024 &#8211; Seconde \u00e9dition"},"content":{"rendered":"\n<p><\/p>\n\n\n\n<p>Dans cette Lettre vous trouverez la soir\u00e9e Jeux de soci\u00e9t\u00e9, la c\u00e9r\u00e9monie du 8 juin au monument Amicitia, la conf\u00e9rence fiscalit\u00e9 avec Banque Transatlantique, le Gala de homards, la F\u00eate nationale \u00e0 l&rsquo;Ambassade de France.<\/p>\n\n\n\n<p><\/p>\n\n\n\n<h2 class=\"wp-block-heading has-medium-font-size\">Soir\u00e9e de jeux de soci\u00e9t\u00e9<\/h2>\n\n\n\n<figure class=\"wp-block-image size-full is-resized\"><img loading=\"lazy\" decoding=\"async\" width=\"270\" height=\"148\" src=\"https:\/\/ufecanada.org\/wp\/wp-content\/uploads\/2024\/05\/image-1.jpeg\" alt=\"\" class=\"wp-image-3065\" style=\"width:138px;height:auto\"\/><\/figure>\n\n\n\n<p><strong>Il reste quelques places, pensez \u00e0 vous inscrire !<\/strong><br>Le samedi 1er juin nous vous proposons une soir\u00e9e jeux de soci\u00e9t\u00e9 de 19 h \u00e0 22 h.<br>Cette activit\u00e9 est ouverte \u00e0 tous.<br>Des jeux de lettres, de strat\u00e9gie et plus vous seront propos\u00e9s, r\u00e9cents ou plus anciens&nbsp;(cartes, Monopoly, Mot \u00e0 mot, Taboo, Scrabble, et bien d&rsquo;autres). Vous pouvez aussi apporter vos jeux pr\u00e9f\u00e9r\u00e9s afin de les faire d\u00e9couvrir aux autres participants.<br>Une participation de 5$ est demand\u00e9e pour les boissons et&nbsp;collations qui seront propos\u00e9es.<br>Le nombre de places \u00e9tant limit\u00e9, merci de vous inscrire par retour de courriel \u00e0 l&rsquo;adresse&nbsp;<a href=\"mailto:contact@ufecanada.org?subject=Soir%C3%A9e%20jeux\" target=\"_blank\" rel=\"noreferrer noopener\">contact@ufecanada.org<\/a><br>L&rsquo;adresse (adresse centrale dans Ottawa)&nbsp;sera communiqu\u00e9e ult\u00e9rieurement aux personnes inscrites.<\/p>\n\n\n\n<h2 class=\"wp-block-heading has-medium-font-size\">80e anniversaire du D\u00e9barquement, monument Amicitia<\/h2>\n\n\n\n<figure class=\"wp-block-image size-full is-resized\"><img loading=\"lazy\" decoding=\"async\" width=\"185\" height=\"175\" src=\"https:\/\/ufecanada.org\/wp\/wp-content\/uploads\/2024\/10\/image.jpeg\" alt=\"\" class=\"wp-image-3197\" style=\"width:115px;height:auto\"\/><\/figure>\n\n\n\n<p>Le dimanche 9 juin \u00e0 11 h se tiendra au monument Amicitia, la c\u00e9r\u00e9monie comm\u00e9morative des 80 ans du d\u00e9barquement en Normandie.<br>Cette ann\u00e9e, en \u00e9cho \u00e0 toutes les autres c\u00e9r\u00e9monies qui se tiendront tant \u00e0 Ottawa qu&rsquo;ailleurs au Canada ou dans le monde, fid\u00e8le \u00e0 ses valeurs de transmission interg\u00e9n\u00e9rationnelle, l&rsquo;association Monument Amicitia France Canada a d\u00e9cid\u00e9 de laisser la jeunesse mener la c\u00e9r\u00e9monie \u00e0 travers des lectures, des d\u00e9p\u00f4ts de fleurs et de dessins. De nombreux \u00e9tablissements scolaires seront repr\u00e9sent\u00e9s.<br>La c\u00e9r\u00e9monie durera 1 heure, vous trouverez&nbsp;<a href=\"https:\/\/ufecanada.us10.list-manage.com\/track\/click?u=2d86b7a2baa0686070dfc5a62&amp;id=2f1964375b&amp;e=86f8666bac\" target=\"_blank\" rel=\"noreferrer noopener\">ici&nbsp;<\/a>l&rsquo;invitation officielle. Vous \u00eates tous les bienvenus.<\/p>\n\n\n\n<p><\/p>\n\n\n\n<h2 class=\"wp-block-heading has-medium-font-size\">Conf\u00e9rence fiscalit\u00e9 avec Banque Transatlantique<\/h2>\n\n\n\n<figure class=\"wp-block-image size-large is-resized\"><img loading=\"lazy\" decoding=\"async\" width=\"1024\" height=\"538\" src=\"https:\/\/ufecanada.org\/wp\/wp-content\/uploads\/2024\/10\/669c740290fc3d414fdc055077d541-1024x538.jpg\" alt=\"\" class=\"wp-image-3199\" style=\"width:250px;height:auto\" srcset=\"https:\/\/ufecanada.org\/wp\/wp-content\/uploads\/2024\/10\/669c740290fc3d414fdc055077d541-1024x538.jpg 1024w, https:\/\/ufecanada.org\/wp\/wp-content\/uploads\/2024\/10\/669c740290fc3d414fdc055077d541-300x158.jpg 300w, https:\/\/ufecanada.org\/wp\/wp-content\/uploads\/2024\/10\/669c740290fc3d414fdc055077d541-768x403.jpg 768w, https:\/\/ufecanada.org\/wp\/wp-content\/uploads\/2024\/10\/669c740290fc3d414fdc055077d541.jpg 1200w\" sizes=\"auto, (max-width: 1024px) 100vw, 1024px\" \/><\/figure>\n\n\n\n<p><\/p>\n\n\n\n<p>En partenariat avec Banque Transatlantique, nous vous proposons le mardi 11 juin, une conf\u00e9rence sur la fiscalit\u00e9 appliqu\u00e9e aux Fran\u00e7ais r\u00e9sidents au Canada, nouveaux arrivants ou plus anciennement install\u00e9s. Plusieurs questions seront abord\u00e9es telles que le statut de r\u00e9sident fiscal, le traitement fiscal des revenus fran\u00e7ais (mobiliers et immobiliers) etc\u2026Une premi\u00e8re partie exposera les th\u00e9matiques et sera suivie d&rsquo;une session de questions-r\u00e9ponses.<br>M\u00eame si vous pensez avoir d\u00e9tect\u00e9 toutes les diff\u00e9rences entre le Canada et la France d&rsquo;un point de vue fiscal, une mise \u00e0 jour peut \u00eatre utile. Notre conf\u00e9rencier, David Eap, directeur du bureau de repr\u00e9sentation de la Banque Transatlantique \u00e0 Montr\u00e9al, sera l\u00e0 pour r\u00e9pondre \u00e0 vos questions.<br>Cette conf\u00e9rence se tiendra \u00e0 l&rsquo;Alliance Fran\u00e7aise de 17 h 30 \u00e0 20 h, le mardi 11 juin.\u00a0<br>La conf\u00e9rence est gratuite. Le nombre de places \u00e9tant limit\u00e9, vous pouvez vous inscrire soit par retour de courriel \u00e0 notre adresse\u00a0<a href=\"mailto:contact@ufecanada.org?subject=Conf%C3%A9rence%20fiscale\" target=\"_blank\" rel=\"noreferrer noopener\">contact@ufecanada.org<\/a>, soit sur\u00a0<a href=\"https:\/\/www.eventbrite.fr\/e\/conference-fiscale-france-canada-avec-la-banque-transatlantique-tickets-912358457707?aff=oddtdtcreator\" target=\"_blank\" rel=\"noreferrer noopener\">Eventbrite<\/a>.<\/p>\n\n\n\n<h2 class=\"wp-block-heading has-medium-font-size\">Gala de homards<\/h2>\n\n\n\n<figure class=\"wp-block-image size-full is-resized\"><img loading=\"lazy\" decoding=\"async\" width=\"216\" height=\"104\" src=\"https:\/\/ufecanada.org\/wp\/wp-content\/uploads\/2024\/05\/image-2.jpeg\" alt=\"\" class=\"wp-image-3066\" style=\"width:123px;height:auto\"\/><\/figure>\n\n\n\n<p>Le Club Richelieu-Vanier organise la\u00a046e soir\u00e9e annuelle de d\u00e9gustation de homards \u00e0 volont\u00e9 le vendredi 31 mai.<br>Sur ce\u00a0<a href=\"https:\/\/mcusercontent.com\/2d86b7a2baa0686070dfc5a62\/files\/16fb788a-a082-cc7c-7b83-6900f416f667\/Homards.Vanier.Affiche2024.JLM.docx.pdf\" target=\"_blank\" rel=\"noreferrer noopener\">lien<\/a>\u00a0l&rsquo;affiche de l&rsquo;\u00e9v\u00e9nement vous donne tous les renseignements utiles.\u00a0<br>Pour info et r\u00e9servation contacter\u00a0<a href=\"mailto:jeanluc.malherbe@sympatico.ca\" target=\"_blank\" rel=\"noreferrer noopener\">jeanluc.malherbe@sympatico.ca<\/a><\/p>\n\n\n\n<h2 class=\"wp-block-heading has-medium-font-size\">Journ\u00e9e Portes Ouvertes, Ambassade de France<\/h2>\n\n\n\n<figure class=\"wp-block-image size-full is-resized\"><img loading=\"lazy\" decoding=\"async\" width=\"600\" height=\"200\" src=\"https:\/\/ufecanada.org\/wp\/wp-content\/uploads\/2024\/05\/image.png\" alt=\"\" class=\"wp-image-3068\" style=\"width:213px;height:auto\" srcset=\"https:\/\/ufecanada.org\/wp\/wp-content\/uploads\/2024\/05\/image.png 600w, https:\/\/ufecanada.org\/wp\/wp-content\/uploads\/2024\/05\/image-300x100.png 300w\" sizes=\"auto, (max-width: 600px) 100vw, 600px\" \/><\/figure>\n\n\n\n<p>Le samedi 1er juin, il sera possible de visiter l&rsquo;Ambassade de France.<br>Ce magnifique b\u00e2timent, qui peut para\u00eetre aust\u00e8re de l\u2019ext\u00e9rieur, est entre ses murs, une v\u00e9ritable vitrine de la France et de ses talents artistiques.<br><strong>L\u2019inscription est obligatoire<\/strong>\u00a0et gratuite et se fera en ligne sur le site de l\u2019Ambassade\u00a0<strong>\u00e0 partir du 28 mai.<\/strong>\u00a0<br>Toutes les informations\u00a0<a href=\"https:\/\/ca.ambafrance.org\/Portes-ouvertes-Ottawa-2024\" target=\"_blank\" rel=\"noreferrer noopener\">ici<\/a><\/p>\n\n\n\n<h2 class=\"wp-block-heading has-medium-font-size\">F\u00eate nationale \u00e0 l&rsquo;Ambassade de France<\/h2>\n\n\n\n<figure class=\"wp-block-image size-full is-resized\"><img loading=\"lazy\" decoding=\"async\" width=\"1000\" height=\"600\" src=\"https:\/\/ufecanada.org\/wp\/wp-content\/uploads\/2024\/10\/image-1.jpeg\" alt=\"\" class=\"wp-image-3200\" style=\"width:138px;height:auto\" srcset=\"https:\/\/ufecanada.org\/wp\/wp-content\/uploads\/2024\/10\/image-1.jpeg 1000w, https:\/\/ufecanada.org\/wp\/wp-content\/uploads\/2024\/10\/image-1-300x180.jpeg 300w, https:\/\/ufecanada.org\/wp\/wp-content\/uploads\/2024\/10\/image-1-768x461.jpeg 768w\" sizes=\"auto, (max-width: 1000px) 100vw, 1000px\" \/><\/figure>\n\n\n\n<p>Comme chaque ann\u00e9e, la r\u00e9sidence de France accueillera la traditionnelle r\u00e9ception de la F\u00eate Nationale. Cette ann\u00e9e, elle aura lieu le dimanche 14 juillet, \u00e0 partir de 18 h 00. Les Fran\u00e7ais de la r\u00e9gion d&rsquo;Ottawa-Gatineau inscrits sur les\u00a0listes consulaires pourront solliciter une invitation en ligne, en fonction des places disponibles, via le site internet de l&rsquo;Ambassade\u00a0<strong>\u00e0 partir du 3 juillet<\/strong>.<br>Pour plus de renseignements vous pouvez nous contacter \u00e0 l&rsquo;adresse\u00a0<a href=\"mailto:contact@ufecanada.org\" target=\"_blank\" rel=\"noreferrer noopener\">contact@ufecanada.org<\/a><\/p>\n\n\n\n<h2 class=\"wp-block-heading has-medium-font-size\">Agenda<\/h2>\n\n\n\n<ul class=\"wp-block-list\">\n<li>Samedi 11 mai. Concert Requiem de Mozart. Dominion-Chalmers. Annonce ci-dessus<\/li>\n\n\n\n<li>Vendredi 31 mai. Gala de Homards. Annonce ci-dessus<\/li>\n\n\n\n<li>Samedi 1er juin : Joun\u00e9e\u00a0Portes Ouvertes \u00e0 l\u2019Ambassade de France.9 h \u00e0 17 h. Annonce ci-dessus<\/li>\n\n\n\n<li>Samedi 1er juin. Soir\u00e9e jeux de soci\u00e9t\u00e9 \u00e0 partir de 17 h. Annonce ci-dessus.\u00a0<em>Organis\u00e9 par l\u2019UFE<\/em>\u00a0<\/li>\n\n\n\n<li>Samedi 8 juin\u00a02024.\u00a0\u00c9lections europ\u00e9ennes. Sites des Consulats. Annonce ci-dessus<\/li>\n\n\n\n<li>Dimanche 9 juin. C\u00e9r\u00e9monie du 80e anniversaire du D\u00e9barquement. Monument Amicitia. Annonce \u00e0 venir<\/li>\n\n\n\n<li>Dimanche 14 juillet. F\u00eate nationale \u00e0 l\u2019Ambassade de France.\u00a0Annonce \u00e0 venir<\/li>\n\n\n\n<li>Samedi 24\u00a0ao\u00fbt. Piscine et p\u00e9tanque chez Jean-Luc Malherbe.\u00a0Annonce \u00e0 venir.\u00a0<em>Organis\u00e9 par l\u2019UFE<\/em>\u00a0<\/li>\n<\/ul>\n\n\n\n<p>En tout temps pour obtenir la liste des activit\u00e9s, concerts, visites \u00e0 Ottawa, cliquez sur&nbsp;<a href=\"https:\/\/ottawatourism.ca\/fr\" target=\"_blank\" rel=\"noreferrer noopener\">https:\/\/ottawatourism.ca\/fr<\/a>.<br>Et l\u2019agenda culturel de l\u2019Alliance Fran\u00e7aise d\u2019Ottawa ici:&nbsp;<a href=\"https:\/\/www.af.ca\/ottawa\/culture\/#\/\" target=\"_blank\" rel=\"noreferrer noopener\">https:\/\/www.af.ca\/ottawa\/culture\/#\/<\/a><\/p>\n\n\n\n<figure class=\"wp-block-image size-full is-resized\"><img loading=\"lazy\" decoding=\"async\" width=\"570\" height=\"610\" src=\"https:\/\/ufecanada.org\/wp\/wp-content\/uploads\/2024\/10\/867179c6-bf08-44a1-a3d7-ff8dd07963bf.jpg\" alt=\"\" class=\"wp-image-3201\" style=\"width:162px;height:auto\" srcset=\"https:\/\/ufecanada.org\/wp\/wp-content\/uploads\/2024\/10\/867179c6-bf08-44a1-a3d7-ff8dd07963bf.jpg 570w, https:\/\/ufecanada.org\/wp\/wp-content\/uploads\/2024\/10\/867179c6-bf08-44a1-a3d7-ff8dd07963bf-280x300.jpg 280w\" sizes=\"auto, (max-width: 570px) 100vw, 570px\" \/><\/figure>\n","protected":false},"excerpt":{"rendered":"<p>Dans cette Lettre vous trouverez la soir\u00e9e Jeux de soci\u00e9t\u00e9, la c\u00e9r\u00e9monie du 8 juin au monument Amicitia, la conf\u00e9rence fiscalit\u00e9 avec Banque Transatlantique, le Gala de homards, la F\u00eate nationale \u00e0 l&rsquo;Ambassade de France. Soir\u00e9e de jeux de soci\u00e9t\u00e9 Il reste quelques places, pensez \u00e0 vous inscrire !Le samedi 1er juin nous vous proposons [&hellip;]<\/p>\n","protected":false},"author":3,"featured_media":0,"comment_status":"closed","ping_status":"closed","sticky":false,"template":"","format":"standard","meta":{"site-sidebar-layout":"default","site-content-layout":"","ast-site-content-layout":"default","site-content-style":"default","site-sidebar-style":"default","ast-global-header-display":"","ast-banner-title-visibility":"","ast-main-header-display":"","ast-hfb-above-header-display":"","ast-hfb-below-header-display":"","ast-hfb-mobile-header-display":"","site-post-title":"","ast-breadcrumbs-content":"","ast-featured-img":"","footer-sml-layout":"","ast-disable-related-posts":"","theme-transparent-header-meta":"","adv-header-id-meta":"","stick-header-meta":"","header-above-stick-meta":"","header-main-stick-meta":"","header-below-stick-meta":"","astra-migrate-meta-layouts":"set","ast-page-background-enabled":"default","ast-page-background-meta":{"desktop":{"background-color":"","background-image":"","background-repeat":"repeat","background-position":"center center","background-size":"auto","background-attachment":"scroll","background-type":"","background-media":"","overlay-type":"","overlay-color":"","overlay-opacity":"","overlay-gradient":""},"tablet":{"background-color":"","background-image":"","background-repeat":"repeat","background-position":"center center","background-size":"auto","background-attachment":"scroll","background-type":"","background-media":"","overlay-type":"","overlay-color":"","overlay-opacity":"","overlay-gradient":""},"mobile":{"background-color":"","background-image":"","background-repeat":"repeat","background-position":"center center","background-size":"auto","background-attachment":"scroll","background-type":"","background-media":"","overlay-type":"","overlay-color":"","overlay-opacity":"","overlay-gradient":""}},"ast-content-background-meta":{"desktop":{"background-color":"var(--ast-global-color-5)","background-image":"","background-repeat":"repeat","background-position":"center center","background-size":"auto","background-attachment":"scroll","background-type":"","background-media":"","overlay-type":"","overlay-color":"","overlay-opacity":"","overlay-gradient":""},"tablet":{"background-color":"var(--ast-global-color-5)","background-image":"","background-repeat":"repeat","background-position":"center center","background-size":"auto","background-attachment":"scroll","background-type":"","background-media":"","overlay-type":"","overlay-color":"","overlay-opacity":"","overlay-gradient":""},"mobile":{"background-color":"var(--ast-global-color-5)","background-image":"","background-repeat":"repeat","background-position":"center center","background-size":"auto","background-attachment":"scroll","background-type":"","background-media":"","overlay-type":"","overlay-color":"","overlay-opacity":"","overlay-gradient":""}},"footnotes":""},"categories":[9],"tags":[],"class_list":["post-3196","post","type-post","status-publish","format-standard","hentry","category-lettres-dinformations"],"aioseo_notices":[],"_links":{"self":[{"href":"https:\/\/ufecanada.org\/wp\/wp-json\/wp\/v2\/posts\/3196","targetHints":{"allow":["GET"]}}],"collection":[{"href":"https:\/\/ufecanada.org\/wp\/wp-json\/wp\/v2\/posts"}],"about":[{"href":"https:\/\/ufecanada.org\/wp\/wp-json\/wp\/v2\/types\/post"}],"author":[{"embeddable":true,"href":"https:\/\/ufecanada.org\/wp\/wp-json\/wp\/v2\/users\/3"}],"replies":[{"embeddable":true,"href":"https:\/\/ufecanada.org\/wp\/wp-json\/wp\/v2\/comments?post=3196"}],"version-history":[{"count":2,"href":"https:\/\/ufecanada.org\/wp\/wp-json\/wp\/v2\/posts\/3196\/revisions"}],"predecessor-version":[{"id":3202,"href":"https:\/\/ufecanada.org\/wp\/wp-json\/wp\/v2\/posts\/3196\/revisions\/3202"}],"wp:attachment":[{"href":"https:\/\/ufecanada.org\/wp\/wp-json\/wp\/v2\/media?parent=3196"}],"wp:term":[{"taxonomy":"category","embeddable":true,"href":"https:\/\/ufecanada.org\/wp\/wp-json\/wp\/v2\/categories?post=3196"},{"taxonomy":"post_tag","embeddable":true,"href":"https:\/\/ufecanada.org\/wp\/wp-json\/wp\/v2\/tags?post=3196"}],"curies":[{"name":"wp","href":"https:\/\/api.w.org\/{rel}","templated":true}]}}